{"id":877,"date":"2020-04-21T14:57:22","date_gmt":"2020-04-21T14:57:22","guid":{"rendered":"http:\/\/arkeomat.com\/?p=877"},"modified":"2020-04-21T14:59:00","modified_gmt":"2020-04-21T14:59:00","slug":"museo-do-mar","status":"publish","type":"post","link":"https:\/\/arkeomat.com\/index.php\/2020\/04\/21\/museo-do-mar\/","title":{"rendered":"Museo do Mar"},"content":{"rendered":"<p>A finales de enero visitamos el Museo do Mar, partner en el proyecto CERANOR 2. Vicente Caram\u00e9s nos mostr\u00f3 la interesante colecci\u00f3n arqueol\u00f3gica de las \u00faltimas excavaciones realizadas en contextos mar\u00edtimos en Galicia. Pr\u00f3ximamente se realizar\u00e1n an\u00e1lisis arqueom\u00e9tricos para estudiar la proveniencia de algunos de estos contextos y algunas producciones locales.<\/p>\n<div id=\"attachment_878\" style=\"width: 650px\" class=\"wp-caption aligncenter\"><a href=\"http:\/\/arkeomat.com\/wp-content\/uploads\/2020\/04\/botijas_agua.jpg\"><img loading=\"lazy\" decoding=\"async\" aria-describedby=\"caption-attachment-878\" class=\"wp-image-878 size-large\" src=\"http:\/\/arkeomat.com\/wp-content\/uploads\/2020\/04\/botijas_agua-1024x779.jpg\" alt=\"\" width=\"640\" height=\"487\" srcset=\"https:\/\/arkeomat.com\/wp-content\/uploads\/2020\/04\/botijas_agua-1024x779.jpg 1024w, https:\/\/arkeomat.com\/wp-content\/uploads\/2020\/04\/botijas_agua-600x456.jpg 600w, https:\/\/arkeomat.com\/wp-content\/uploads\/2020\/04\/botijas_agua-300x228.jpg 300w, https:\/\/arkeomat.com\/wp-content\/uploads\/2020\/04\/botijas_agua-768x584.jpg 768w, https:\/\/arkeomat.com\/wp-content\/uploads\/2020\/04\/botijas_agua-50x38.jpg 50w\" sizes=\"(max-width: 640px) 100vw, 640px\" \/><\/a><\/p>\n<p id=\"caption-attachment-878\" class=\"wp-caption-text\">botijas &#8211; Museo do Mar<\/p>\n<\/div>\n","protected":false},"excerpt":{"rendered":"<p>A finales de enero visitamos el Museo do Mar, partner en el proyecto CERANOR 2. Vicente Caram\u00e9s nos mostr\u00f3 la interesante colecci\u00f3n arqueol\u00f3gica de las \u00faltimas excavaciones realizadas en contextos mar\u00edtimos en Galicia. Pr\u00f3ximamente se realizar\u00e1n an\u00e1lisis arqueom\u00e9tricos para estudiar la proveniencia de algunos de estos contextos y algunas producciones locales.<\/p>\n","protected":false},"author":1,"featured_media":878,"comment_status":"closed","ping_status":"open","sticky":false,"template":"","format":"gallery","meta":{"jetpack_post_was_ever_published":false,"_jetpack_newsletter_access":"","_jetpack_newsletter_tier_id":0,"footnotes":""},"categories":[7],"tags":[],"jetpack_featured_media_url":"https:\/\/arkeomat.com\/wp-content\/uploads\/2020\/04\/botijas_agua-scaled.jpg","jetpack_sharing_enabled":true,"jetpack_shortlink":"https:\/\/wp.me\/p7fUqg-e9","_links":{"self":[{"href":"https:\/\/arkeomat.com\/index.php\/wp-json\/wp\/v2\/posts\/877"}],"collection":[{"href":"https:\/\/arkeomat.com\/index.php\/wp-json\/wp\/v2\/posts"}],"about":[{"href":"https:\/\/arkeomat.com\/index.php\/wp-json\/wp\/v2\/types\/post"}],"author":[{"embeddable":true,"href":"https:\/\/arkeomat.com\/index.php\/wp-json\/wp\/v2\/users\/1"}],"replies":[{"embeddable":true,"href":"https:\/\/arkeomat.com\/index.php\/wp-json\/wp\/v2\/comments?post=877"}],"version-history":[{"count":1,"href":"https:\/\/arkeomat.com\/index.php\/wp-json\/wp\/v2\/posts\/877\/revisions"}],"predecessor-version":[{"id":879,"href":"https:\/\/arkeomat.com\/index.php\/wp-json\/wp\/v2\/posts\/877\/revisions\/879"}],"wp:featuredmedia":[{"embeddable":true,"href":"https:\/\/arkeomat.com\/index.php\/wp-json\/wp\/v2\/media\/878"}],"wp:attachment":[{"href":"https:\/\/arkeomat.com\/index.php\/wp-json\/wp\/v2\/media?parent=877"}],"wp:term":[{"taxonomy":"category","embeddable":true,"href":"https:\/\/arkeomat.com\/index.php\/wp-json\/wp\/v2\/categories?post=877"},{"taxonomy":"post_tag","embeddable":true,"href":"https:\/\/arkeomat.com\/index.php\/wp-json\/wp\/v2\/tags?post=877"}],"curies":[{"name":"wp","href":"https:\/\/api.w.org\/{rel}","templated":true}]}}